{"id":2170,"date":"2020-12-03T19:46:45","date_gmt":"2020-12-03T22:46:45","guid":{"rendered":"https:\/\/eigierdiagnosticos.com.br\/blog\/?p=2170"},"modified":"2020-12-07T11:09:47","modified_gmt":"2020-12-07T14:09:47","slug":"visao-holistica-da-saude","status":"publish","type":"post","link":"https:\/\/eigierdiagnosticos.com.br\/blog\/visao-holistica-da-saude\/","title":{"rendered":"Vis\u00e3o hol\u00edstica da sa\u00fade: como viver com mais sa\u00fade e equil\u00edbrio?"},"content":{"rendered":"<p><i><span style=\"font-weight: 400;\">A <\/span><\/i><b><i>vis\u00e3o hol\u00edstica da sa\u00fade<\/i><\/b><i><span style=\"font-weight: 400;\"> considera a pessoa como um todo &#8211; corpo, mente e esp\u00edrito &#8211; e suas intera\u00e7\u00f5es com o mundo, para investigar as causas de uma doen\u00e7a e encontrar sua cura.\u00a0\u00a0<\/span><\/i><\/p>\n<p><span style=\"font-weight: 400;\">A palavra Holismo deriva do grego <\/span><i><span style=\"font-weight: 400;\">\u2018holos\u2019<\/span><\/i><span style=\"font-weight: 400;\">, que significa <\/span><span style=\"font-weight: 400;\">inteiro<\/span><span style=\"font-weight: 400;\"> ou <\/span><span style=\"font-weight: 400;\">todo<\/span><span style=\"font-weight: 400;\">. O termo foi criado por Jan Smuts, em seu livro <\/span><a href=\"https:\/\/translate.google.com.br\/translate?hl=pt-BR&amp;sl=en&amp;u=https:\/\/en.wikipedia.org\/wiki\/Holism_and_Evolution&amp;prev=search&amp;pto=aue\" target=\"_blank\" rel=\"noopener noreferrer\"><span style=\"font-weight: 400;\">\u201cHolism and Evolution\u201d<\/span><\/a><span style=\"font-weight: 400;\">. Na obra, Smuts assim define o conceito de holismo:<\/span><\/p>\n<p><i><span style=\"font-weight: 400;\">\u201cA tend\u00eancia da natureza, atrav\u00e9s de evolu\u00e7\u00e3o criativa, \u00e9 a de formar qualquer \u2018todo\u2019 como sendo maior que a soma de suas partes\u201d.\u00a0<\/span><\/i><\/p>\n<p><span style=\"font-weight: 400;\">Ainda antes do termo holismo existir, o fil\u00f3sofo grego Arist\u00f3teles j\u00e1 se valia desse conceito de que \u201co todo \u00e9 maior do que a simples soma das suas partes\u201d, em seus estudos de Metaf\u00edsica.<\/span><\/p>\n<p><span style=\"font-weight: 400;\">Na \u00e1rea da sa\u00fade, essa ideia diz respeito a tratar a causa profunda das doen\u00e7as e n\u00e3o simplesmente se ater aos seus sintomas ou manifesta\u00e7\u00f5es f\u00edsicas.<\/span><\/p>\n<p><span style=\"font-weight: 400;\">Mas o que isso quer dizer? Vamos ilustrar com um exemplo pr\u00e1tico para que voc\u00ea entenda:<\/span><\/p>\n<p><span style=\"font-weight: 400;\">Uma pessoa com dor de cabe\u00e7a pode simplesmente tomar um analg\u00e9sico e o inc\u00f4modo vai desaparecer quase instantaneamente, correto? Mas ser\u00e1 que a dor vai realmente embora ou ela volta em algum momento?<\/span><\/p>\n<p><span style=\"font-weight: 400;\">Segundo a <\/span><b>vis\u00e3o hol\u00edstica da sa\u00fade<\/b><span style=\"font-weight: 400;\">, como essa pessoa focou em eliminar os sintomas e n\u00e3o suas causas, \u00e9 muito prov\u00e1vel que o problema torne a acontecer.\u00a0<\/span><\/p>\n<p><span style=\"font-weight: 400;\">Mas se o foco mudar para o que est\u00e1 causando a dor de cabe\u00e7a, em uma investiga\u00e7\u00e3o que leve em conta todos os aspectos que constituem essa pessoa &#8211; f\u00edsico, emocional, mental, social e espiritual &#8211; a\u00ed sim a verdadeira cura acontece.\u00a0<\/span><\/p>\n<p><span style=\"font-weight: 400;\">Ao se fazer perguntas como: \u201cEstou estressada com o trabalho e preciso de f\u00e9rias? Meu relacionamento anda bem? Preciso me exercitar e me alimentar melhor?\u201d, essa pessoa vai encontrar as respostas para eliminar permanentemente sua dor de cabe\u00e7a.\u00a0\u00a0<\/span><\/p>\n<p><span style=\"font-weight: 400;\">A <\/span><b>vis\u00e3o hol\u00edstica da sa\u00fade<\/b><span style=\"font-weight: 400;\"> \u00e9 muito comum em pr\u00e1ticas orientais, como a medicina chinesa e a ayurveda. J\u00e1 a medicina tradicional, ocidental, tem uma abordagem da sa\u00fade que tende a enxergar o corpo humano como partes isoladas.<\/span><\/p>\n<p><span style=\"font-weight: 400;\">Por exemplo, no caso da dor de cabe\u00e7a, um m\u00e9dico provavelmente receitaria o mesmo analg\u00e9sico que a pessoa tomou e examinaria apenas a parte do corpo afetada. Talvez pediria um <\/span><a href=\"https:\/\/eigierdiagnosticos.com.br\/blog\/exames\/exame-angiotomografia-do-cranio\/\"><span style=\"font-weight: 400;\">raio x do cr\u00e2nio<\/span><\/a><span style=\"font-weight: 400;\"> ou um <\/span><a href=\"https:\/\/eigierdiagnosticos.com.br\/blog\/exames\/o-que-e-exame-eletroencefalograma-eeg\/\"><span style=\"font-weight: 400;\">eletroencefalograma<\/span><\/a><span style=\"font-weight: 400;\">.<\/span><\/p>\n<p><span style=\"font-weight: 400;\">Por\u00e9m, atualmente, h\u00e1 uma tend\u00eancia da medicina tradicional em incorporar a <\/span><b>vis\u00e3o hol\u00edstica da sa\u00fade<\/b><span style=\"font-weight: 400;\"> para otimizar o tratamento de diversas patologias.<\/span><\/p>\n<p><span style=\"font-weight: 400;\">Dados do <\/span><a href=\"https:\/\/www.saude.gov.br\/noticias\/agencia-saude\/42737-ministerio-da-saude-inclui-10-novas-praticas-integrativas-no-sus\" target=\"_blank\" rel=\"noopener noreferrer\"><span style=\"font-weight: 400;\">Minist\u00e9rio da Sa\u00fade (MS)<\/span><\/a><span style=\"font-weight: 400;\"> apontam um aumento crescente do uso de pr\u00e1ticas integrativas. Somente na rede do Sistema \u00danico de Sa\u00fade (SUS), em oito anos, o n\u00famero de atendimentos em <\/span><a href=\"https:\/\/eigierdiagnosticos.com.br\/blog\/sintomas-tratamentos\/o-que-sao-terapias-alternativas\/\"><span style=\"font-weight: 400;\">terapias alternativas<\/span><\/a><span style=\"font-weight: 400;\"> cresceu 670%, passando de 271 mil, em 2008, para 2,1 milh\u00f5es em 2016.<\/span><\/p>\n<p><span style=\"font-weight: 400;\">Neste v\u00eddeo do MS, profissionais hol\u00edsticos e da medicina tradicional explicam o impacto positivo que as terapias complementares tem gerado na sa\u00fade de seus pacientes para gerenciar condi\u00e7\u00f5es como hipertens\u00e3o,diabetes, ansiedade etc.:<\/span><\/p>\n<p><iframe src=\"https:\/\/www.youtube.com\/embed\/WoAg07xz6wY\" width=\"560\" height=\"315\" frameborder=\"0\" allowfullscreen=\"allowfullscreen\"><\/iframe><br \/>\n<span style=\"font-weight: 400;\">Nos pr\u00f3ximos t\u00f3picos, vamos mostrar como funciona a <\/span><b>vis\u00e3o hol\u00edstica da sa\u00fade<\/b><span style=\"font-weight: 400;\">, seus princ\u00edpios, como s\u00e3o as terapias hol\u00edsticas e dar dicas para colher seus benef\u00edcios e viver com mais equil\u00edbrio. Continue acompanhando!<\/span><\/p>\n<h2><span style=\"font-weight: 400;\">Como funciona a vis\u00e3o hol\u00edstica da sa\u00fade?<\/span><\/h2>\n<p><span style=\"font-weight: 400;\">Podemos resumir a <\/span><b>vis\u00e3o hol\u00edstica da sa\u00fade<\/b><span style=\"font-weight: 400;\"> da seguinte maneira: <\/span><i><span style=\"font-weight: 400;\">trate a pessoa inteira &#8211; corpo, mente e esp\u00edrito.<\/span><\/i><\/p>\n<p><span style=\"font-weight: 400;\">Segundo a teoria hol\u00edstica, 5 aspectos de um ser humano trabalham juntos de forma coesa para facilitar o bem-estar que leva a uma sa\u00fade ideal:<\/span><\/p>\n<h3><b>1. Aspecto F\u00cdSICO na vis\u00e3o hol\u00edstica da sa\u00fade<\/b><\/h3>\n<p><span style=\"font-weight: 400;\">\u00c9 o que a maioria das pessoas lembra quando pensa em sa\u00fade. Isso ocorre principalmente porque \u00e9 o corpo f\u00edsico que muitas vezes nos mostra sinais e sintomas f\u00edsicos de sa\u00fade \u00f3tima ou n\u00e3o.\u00a0<\/span><\/p>\n<h3><b>2. Aspecto EMOCIONAL na vis\u00e3o hol\u00edstica da sa\u00fade<\/b><\/h3>\n<p><span style=\"font-weight: 400;\">Refere-se principalmente ao nosso humor e emo\u00e7\u00f5es di\u00e1rias.\u00a0<\/span><\/p>\n<p><span style=\"font-weight: 400;\">Nossa sa\u00fade emocional \u00e9 t\u00e3o importante quanto nossa sa\u00fade f\u00edsica &#8211; especialmente porque ela pode afetar nossa sa\u00fade f\u00edsica se n\u00e3o for priorizada.<\/span><\/p>\n<h3><b>3. Aspecto SOCIAL na vis\u00e3o hol\u00edstica da sa\u00fade<\/b><\/h3>\n<p><span style=\"font-weight: 400;\">Diz respeito \u00e0s conex\u00f5es que temos com nossos amigos, fam\u00edlia, colegas de trabalho e comunidade.<\/span><\/p>\n<h3><b>4. Aspecto ESPIRITUAL na vis\u00e3o hol\u00edstica da sa\u00fade<\/b><\/h3>\n<p><span style=\"font-weight: 400;\">Bem-estar espiritual n\u00e3o significa necessariamente religiosidade, embora os dois geralmente tenham pr\u00e1ticas e princ\u00edpios que se sobrep\u00f5em.\u00a0<\/span><\/p>\n<p><span style=\"font-weight: 400;\">A sa\u00fade espiritual se concentra em como voc\u00ea est\u00e1 se conectando com sua alma interior e com o mundo maior ao seu redor.<\/span><\/p>\n<h3><b>5. Aspecto MENTAL na vis\u00e3o hol\u00edstica da sa\u00fade<\/b><\/h3>\n<p><span style=\"font-weight: 400;\">Nossa sa\u00fade mental se refere \u00e0s nossas habilidades cognitivas que afetam o funcionamento do c\u00e9rebro. Este \u00faltimo aspecto da sa\u00fade hol\u00edstica muitas vezes se sobrep\u00f5e \u00e0 nossa sa\u00fade emocional e f\u00edsica.<\/span><\/p>\n<p><span style=\"font-weight: 400;\">Voc\u00ea pode conhecer um exemplo pr\u00e1tico da <\/span><b>vis\u00e3o hol\u00edstica da sa\u00fade<\/b><span style=\"font-weight: 400;\">, no v\u00eddeo abaixo:<\/span><\/p>\n<p><iframe src=\"https:\/\/www.youtube.com\/embed\/58OszRrdmu4\" width=\"560\" height=\"315\" frameborder=\"0\" allowfullscreen=\"allowfullscreen\"><\/iframe><\/p>\n<h2><span style=\"font-weight: 400;\">Abordagens e princ\u00edpios da vis\u00e3o hol\u00edstica da sa\u00fade<\/span><\/h2>\n<p><span style=\"font-weight: 400;\">Quando se trata da <\/span><b>vis\u00e3o hol\u00edstica da sa\u00fade<\/b><span style=\"font-weight: 400;\">, existem v\u00e1rias premissas que devem ser praticadas com o intuito de preservar o bem-estar e diminuir o risco de adoecer:<\/span><\/p>\n<ul>\n<li style=\"font-weight: 400;\"><b>Sa\u00fade ideal<\/b><span style=\"font-weight: 400;\">: manter os 5 aspectos essenciais da vida, sobre os quais falamos no t\u00f3pico anterior, em equil\u00edbrio;<\/span><\/li>\n<li style=\"font-weight: 400;\"><b>O poder do amor<\/b><span style=\"font-weight: 400;\">: toda pessoa deve ser tratada com bondade e dignidade, pois o amor \u00e9 um poderoso agente de cura;<\/span><\/li>\n<li style=\"font-weight: 400;\"><b>O poder da preven\u00e7\u00e3o<\/b><span style=\"font-weight: 400;\">: concentrar-se na preven\u00e7\u00e3o, conscientizando as pessoas sobre o que pode ser prejudicial \u00e0 sua sa\u00fade;<\/span><\/li>\n<li style=\"font-weight: 400;\"><b>Habilidade instintiva de curar<\/b><span style=\"font-weight: 400;\">: toda pessoa tem uma habilidade inata de curar-se,\u00a0 \u00e9 necess\u00e1rio ajud\u00e1-la a desenvolver sua capacidade de autocura;<\/span><\/li>\n<li style=\"font-weight: 400;\"><b>Tratamento \u00fanico e espec\u00edfico<\/b><span style=\"font-weight: 400;\">: somos todos diferentes e, portanto, precisamos de tratamentos que se adequem ao que \u00e9 melhor para cada um de n\u00f3s;<\/span><\/li>\n<li style=\"font-weight: 400;\"><b>Viva e aprenda:<\/b><span style=\"font-weight: 400;\"> nossas experi\u00eancias e poder de auto-observa\u00e7\u00e3o oferecem pistas sobre como lidar com problemas de sa\u00fade e preveni-los;<\/span><\/li>\n<li style=\"font-weight: 400;\"><b>Liderar pelo exemplo:<\/b> um terapeuta hol\u00edstico deve mostrar aos outros os benef\u00edcios da sa\u00fade hol\u00edstica aplicando seus princ\u00edpios em sua pr\u00f3pria vida.<\/li>\n<\/ul>\n<h2><span style=\"font-weight: 400;\">Como funciona a terapia hol\u00edstica?<\/span><\/h2>\n<p><span style=\"font-weight: 400;\">A terapia hol\u00edstica envolve v\u00e1rias pr\u00e1ticas complementares, em uma abordagem multidisciplinar abrangendo todos os aspectos integrantes da sa\u00fade de uma pessoa.<\/span><\/p>\n<p><span style=\"font-weight: 400;\">Algumas <\/span><a href=\"https:\/\/eigierdiagnosticos.com.br\/blog\/sintomas-tratamentos\/o-que-sao-terapias-alternativas\/\"><span style=\"font-weight: 400;\">pr\u00e1ticas alternativas de sa\u00fade<\/span><\/a><span style=\"font-weight: 400;\"> encontradas na terapia hol\u00edstica s\u00e3o:<\/span><\/p>\n<ul>\n<li style=\"font-weight: 400;\"><span style=\"font-weight: 400;\">quiropraxia;<\/span><\/li>\n<li style=\"font-weight: 400;\"><span style=\"font-weight: 400;\">fitoterapia;<\/span><\/li>\n<li style=\"font-weight: 400;\"><a href=\"https:\/\/eigierdiagnosticos.com.br\/blog\/sintomas-tratamentos\/o-que-sao-florais-bach\/\"><span style=\"font-weight: 400;\">florais de bach<\/span><\/a><span style=\"font-weight: 400;\">;<\/span><\/li>\n<li style=\"font-weight: 400;\"><span style=\"font-weight: 400;\">trabalho de energia (reiki);<\/span><\/li>\n<li style=\"font-weight: 400;\"><span style=\"font-weight: 400;\">terapia;<\/span><\/li>\n<li style=\"font-weight: 400;\"><span style=\"font-weight: 400;\">yoga \/ <\/span><a href=\"https:\/\/eigierdiagnosticos.com.br\/blog\/saude\/o-que-e-meditacao\/\"><span style=\"font-weight: 400;\">medita\u00e7\u00e3o<\/span><\/a><span style=\"font-weight: 400;\">;<\/span><\/li>\n<li style=\"font-weight: 400;\"><span style=\"font-weight: 400;\">acupuntura;<\/span><\/li>\n<li style=\"font-weight: 400;\"><span style=\"font-weight: 400;\">medicina chinesa.<\/span><\/li>\n<\/ul>\n<p><span style=\"font-weight: 400;\">Na terapia hol\u00edstica, a ideia \u00e9 de que essas pr\u00e1ticas se combinem para tratar a pessoa em todos os seus aspectos.\u00a0\u00a0<\/span><\/p>\n<p><span style=\"font-weight: 400;\">Por exemplo, se uma pessoa tem dor nas costas, ela pode receber massagens e acupuntura para aliviar os sintomas, mas tamb\u00e9m fazer yoga para fortalecer m\u00fasculos, melhorar a postura e aprender a relaxar o corpo.\u00a0<\/span><\/p>\n<p><span style=\"font-weight: 400;\">Dessa forma, a pessoa experimenta o bem-estar em um n\u00edvel mais profundo, o que permite que ela desfrute de um estilo de vida verdadeiramente saud\u00e1vel.<\/span><\/p>\n<p><span style=\"font-weight: 400;\">Saiba mais sobre terapia hol\u00edstica, no v\u00eddeo abaixo:<\/span><\/p>\n<p><iframe src=\"https:\/\/www.youtube.com\/embed\/i3jOo_XMjBE\" width=\"560\" height=\"315\" frameborder=\"0\" allowfullscreen=\"allowfullscreen\"><\/iframe><\/p>\n<h2><span style=\"font-weight: 400;\">Dicas pr\u00e1ticas para apoiar os 5 aspectos da sa\u00fade hol\u00edstica<\/span><\/h2>\n<h3><b>\u00a01. Como apoiar seu aspecto F\u00cdSICO<\/b><\/h3>\n<ul>\n<li style=\"font-weight: 400;\"><span style=\"font-weight: 400;\">Dormir bem para que o corpo descanse e se recupere;<\/span><\/li>\n<li style=\"font-weight: 400;\"><span style=\"font-weight: 400;\">Ter uma <\/span><a href=\"https:\/\/eigierdiagnosticos.com.br\/blog\/saude\/o-que-fazer-para-ter-alimentacao-saudavel\/\"><span style=\"font-weight: 400;\">alimenta\u00e7\u00e3o saud\u00e1vel<\/span><\/a><span style=\"font-weight: 400;\"> e evitar <\/span><a href=\"https:\/\/eigierdiagnosticos.com.br\/blog\/alimentacao\/o-que-e-alimentacao-nao-saudavel\/\"><span style=\"font-weight: 400;\">alimentos ruins para a sa\u00fade<\/span><\/a><span style=\"font-weight: 400;\">;<\/span><\/li>\n<li style=\"font-weight: 400;\"><span style=\"font-weight: 400;\">Praticar <\/span><a href=\"https:\/\/eigierdiagnosticos.com.br\/blog\/saude\/beneficios-atividade-fisica-saude\/\"><span style=\"font-weight: 400;\">atividade f\u00edsica<\/span><\/a><span style=\"font-weight: 400;\"> regular;<\/span><\/li>\n<li style=\"font-weight: 400;\"><span style=\"font-weight: 400;\">N\u00e3o fumar e evitar o consumo excessivo de \u00e1lcool.<\/span><\/li>\n<\/ul>\n<h3><b>2. Como apoiar seu aspecto EMOCIONAL\u00a0<\/b><\/h3>\n<ul>\n<li style=\"font-weight: 400;\"><span style=\"font-weight: 400;\">Procure terapia quando necess\u00e1rio;<\/span><\/li>\n<li style=\"font-weight: 400;\"><span style=\"font-weight: 400;\">Pratique mindfulness e <\/span><a href=\"https:\/\/eigierdiagnosticos.com.br\/blog\/saude\/o-que-e-meditacao\/\"><span style=\"font-weight: 400;\">medita\u00e7\u00e3o<\/span><\/a><span style=\"font-weight: 400;\">;\u00a0<\/span><\/li>\n<li style=\"font-weight: 400;\"><a href=\"https:\/\/eigierdiagnosticos.com.br\/blog\/saude\/como-ter-saude-mental\/\"><span style=\"font-weight: 400;\">Gerencie seu estresse<\/span><\/a><span style=\"font-weight: 400;\">;<\/span><\/li>\n<li style=\"font-weight: 400;\"><span style=\"font-weight: 400;\">Registre seus pensamentos e sentimentos.\u00a0<\/span><\/li>\n<li style=\"font-weight: 400;\"><span style=\"font-weight: 400;\">Fa\u00e7a listas com o que voc\u00ea \u00e9 grato, para cultivar a positividade.<\/span><\/li>\n<\/ul>\n<h3><b>3. Como apoiar seu aspecto SOCIAL<\/b><\/h3>\n<ul>\n<li style=\"font-weight: 400;\"><span style=\"font-weight: 400;\">Reserve um tempo para estar com as pessoas que gosta;<\/span><\/li>\n<li style=\"font-weight: 400;\"><span style=\"font-weight: 400;\">Participe de sua comunidade local;<\/span><\/li>\n<li style=\"font-weight: 400;\"><span style=\"font-weight: 400;\">Defina limites em sua rela\u00e7\u00e3o com as pessoas, para se livrar de energias t\u00f3xicas.<\/span><\/li>\n<\/ul>\n<h3><b>4. Como apoiar seu aspecto ESPIRITUAL<\/b><\/h3>\n<ul>\n<li style=\"font-weight: 400;\"><span style=\"font-weight: 400;\">Passe algum tempo na natureza;<\/span><\/li>\n<li style=\"font-weight: 400;\"><span style=\"font-weight: 400;\">Passe alguns minutos por dia meditando;<\/span><\/li>\n<li style=\"font-weight: 400;\"><span style=\"font-weight: 400;\">Se voc\u00ea \u00e9 religioso, reserve um tempo para praticar sua f\u00e9.<\/span><\/li>\n<\/ul>\n<h3><b>5. Como apoiar seu aspecto MENTAL<\/b><\/h3>\n<ul>\n<li style=\"font-weight: 400;\"><span style=\"font-weight: 400;\">Mantenha sua mente ativa, adotando pr\u00e1ticas que desafiem seu c\u00e9rebro;<\/span><\/li>\n<li style=\"font-weight: 400;\"><span style=\"font-weight: 400;\">Consuma <\/span><a href=\"http:\/\/blog.nute.com.br\/vitamina-para-esgotamento-fisico-mental\/\"><span style=\"font-weight: 400;\">alimentos bons para a mente<\/span><\/a><span style=\"font-weight: 400;\">, como os ricos em antioxidantes e \u00f4mega-3;<\/span><\/li>\n<li style=\"font-weight: 400;\"><span style=\"font-weight: 400;\">Evite beber, fumar e consumir drogas recreativas em excesso.<\/span><\/li>\n<\/ul>\n<p><span style=\"font-weight: 400;\">Agora que voc\u00ea j\u00e1 conhece tudo sobre a <\/span><b>vis\u00e3o hol\u00edstica da sa\u00fade<\/b><span style=\"font-weight: 400;\">, lembre-se de que a preven\u00e7\u00e3o \u00e9 sempre a melhor maneira de cuidar de sua sa\u00fade!<\/span><\/p>\n<p><span style=\"font-weight: 400;\">Acesse o site da <\/span><a href=\"http:\/\/eigierdiagnosticos.com.br\/\" target=\"_blank\" rel=\"noopener noreferrer\"><span style=\"font-weight: 400;\">Eigier<\/span><\/a><span style=\"font-weight: 400;\"> e agende seus exames, com conforto e seguran\u00e7a.<\/span><\/p>\n<p><span style=\"font-weight: 400;\">A\u00a0 Eigier Diagn\u00f3sticos est\u00e1 h\u00e1 mais de 37 anos no mercado e \u00e9 respons\u00e1vel pelo controle de empresas especializadas que atuam em <\/span><a href=\"https:\/\/eigierdiagnosticos.com.br\/blog\/exames\/o-que-e-diagnostico-imagem\/\"><span style=\"font-weight: 400;\">medicina diagn\u00f3stica por imagem<\/span><\/a><span style=\"font-weight: 400;\">.<\/span><\/p>\n<p><span style=\"font-weight: 400;\">Confira alguns dos exames dispon\u00edveis em nossas unidades:<\/span><\/p>\n<ul>\n<li style=\"font-weight: 400;\"><a href=\"https:\/\/eigierdiagnosticos.com.br\/blog\/exames\/medicina-fetal-exames\/\"><span style=\"font-weight: 400;\">Medicina Fetal<\/span><\/a><\/li>\n<li style=\"font-weight: 400;\"><a href=\"https:\/\/eigierdiagnosticos.com.br\/blog\/exames\/contra-indicacao-ressonancia-magnetica\/\"><span style=\"font-weight: 400;\">Resson\u00e2ncia Magn\u00e9tica<\/span><\/a><\/li>\n<li style=\"font-weight: 400;\"><a href=\"https:\/\/eigierdiagnosticos.com.br\/blog\/exames\/o-que-e-doppler\/\"><span style=\"font-weight: 400;\">Doppler<\/span><\/a><\/li>\n<li style=\"font-weight: 400;\"><a href=\"https:\/\/eigierdiagnosticos.com.br\/blog\/exames\/o-que-e-mamografia-digital\/\"><span style=\"font-weight: 400;\">Mamografia Digital<\/span><\/a><\/li>\n<li style=\"font-weight: 400;\"><a href=\"https:\/\/eigierdiagnosticos.com.br\/blog\/exames\/tudo-sobre-densitometria-ossea\/\"><span style=\"font-weight: 400;\">Densitometria \u00d3ssea<\/span><\/a><\/li>\n<li style=\"font-weight: 400;\"><a href=\"https:\/\/eigierdiagnosticos.com.br\/blog\/exames\/raio-x-como-funciona\/\"><span style=\"font-weight: 400;\">Raio X Digital<\/span><\/a><\/li>\n<li style=\"font-weight: 400;\"><a href=\"https:\/\/eigierdiagnosticos.com.br\/blog\/exames\/como-feito-exame-ultrassonografia\/\"><span style=\"font-weight: 400;\">Ultrassonografia<\/span><\/a><span style=\"font-weight: 400;\">, entre outros.<\/span><\/li>\n<\/ul>\n<!-- AddThis Advanced Settings generic via filter on the_content --><!-- AddThis Share Buttons generic via filter on the_content -->","protected":false},"excerpt":{"rendered":"<p>A vis\u00e3o hol\u00edstica da sa\u00fade considera a pessoa como um todo &#8211; corpo, mente e esp\u00edrito &#8211; e suas intera\u00e7\u00f5es com o mundo, para investigar as causas de uma doen\u00e7a e encontrar sua cura.\u00a0\u00a0 A palavra Holismo deriva do grego \u2018holos\u2019, que significa inteiro ou todo. O termo foi criado por Jan Smuts, em seu [&hellip;]<!-- AddThis Advanced Settings generic via filter on get_the_excerpt --><!-- AddThis Share Buttons generic via filter on get_the_excerpt --><\/p>\n","protected":false},"author":5,"featured_media":2171,"comment_status":"open","ping_status":"open","sticky":false,"template":"","format":"standard","meta":[],"categories":[9],"tags":[],"yoast_head":"<!-- This site is optimized with the Yoast SEO plugin v18.4.1 - https:\/\/yoast.com\/wordpress\/plugins\/seo\/ -->\n<title>O que \u00e9 vis\u00e3o hol\u00edstica da sa\u00fade? Como ela pode te ajudar?<\/title>\n<meta name=\"description\" content=\"Como funciona a vis\u00e3o hol\u00edstica da sa\u00fade? Quais seus princ\u00edpios? Quais os tipos de terapias utilizadas? Como aplicar no dia a dia?\" \/>\n<meta name=\"robots\" content=\"index, follow, max-snippet:-1, max-image-preview:large, max-video-preview:-1\" \/>\n<link rel=\"canonical\" href=\"https:\/\/eigierdiagnosticos.com.br\/blog\/visao-holistica-da-saude\/\" \/>\n<meta property=\"og:locale\" content=\"pt_BR\" \/>\n<meta property=\"og:type\" content=\"article\" \/>\n<meta property=\"og:title\" content=\"O que \u00e9 vis\u00e3o hol\u00edstica da sa\u00fade? Como ela pode te ajudar?\" \/>\n<meta property=\"og:description\" content=\"Como funciona a vis\u00e3o hol\u00edstica da sa\u00fade? Quais seus princ\u00edpios? Quais os tipos de terapias utilizadas? Como aplicar no dia a dia?\" \/>\n<meta property=\"og:url\" content=\"https:\/\/eigierdiagnosticos.com.br\/blog\/visao-holistica-da-saude\/\" \/>\n<meta property=\"og:site_name\" content=\"Blog\" \/>\n<meta property=\"article:published_time\" content=\"2020-12-03T22:46:45+00:00\" \/>\n<meta property=\"article:modified_time\" content=\"2020-12-07T14:09:47+00:00\" \/>\n<meta property=\"og:image\" content=\"https:\/\/eigierdiagnosticos.com.br\/blog\/wp-content\/uploads\/2020\/11\/visao-holistica-da-saude.jpg\" \/>\n\t<meta property=\"og:image:width\" content=\"900\" \/>\n\t<meta property=\"og:image:height\" content=\"450\" \/>\n\t<meta property=\"og:image:type\" content=\"image\/jpeg\" \/>\n<meta name=\"twitter:card\" content=\"summary_large_image\" \/>\n<meta name=\"twitter:label1\" content=\"Escrito por\" \/>\n\t<meta name=\"twitter:data1\" content=\"Papoca Reda\u00e7\u00e3o\" \/>\n\t<meta name=\"twitter:label2\" content=\"Est. tempo de leitura\" \/>\n\t<meta name=\"twitter:data2\" content=\"8 minutos\" \/>\n<script type=\"application\/ld+json\" class=\"yoast-schema-graph\">{\"@context\":\"https:\/\/schema.org\",\"@graph\":[{\"@type\":\"WebSite\",\"@id\":\"https:\/\/eigierdiagnosticos.com.br\/blog\/#website\",\"url\":\"https:\/\/eigierdiagnosticos.com.br\/blog\/\",\"name\":\"Blog\",\"description\":\"Eigier\",\"potentialAction\":[{\"@type\":\"SearchAction\",\"target\":{\"@type\":\"EntryPoint\",\"urlTemplate\":\"https:\/\/eigierdiagnosticos.com.br\/blog\/?s={search_term_string}\"},\"query-input\":\"required name=search_term_string\"}],\"inLanguage\":\"pt-BR\"},{\"@type\":\"ImageObject\",\"@id\":\"https:\/\/eigierdiagnosticos.com.br\/blog\/visao-holistica-da-saude\/#primaryimage\",\"inLanguage\":\"pt-BR\",\"url\":\"https:\/\/eigierdiagnosticos.com.br\/blog\/wp-content\/uploads\/2020\/11\/visao-holistica-da-saude.jpg\",\"contentUrl\":\"https:\/\/eigierdiagnosticos.com.br\/blog\/wp-content\/uploads\/2020\/11\/visao-holistica-da-saude.jpg\",\"width\":900,\"height\":450,\"caption\":\"\/visao-holistica-da-saude\"},{\"@type\":\"WebPage\",\"@id\":\"https:\/\/eigierdiagnosticos.com.br\/blog\/visao-holistica-da-saude\/#webpage\",\"url\":\"https:\/\/eigierdiagnosticos.com.br\/blog\/visao-holistica-da-saude\/\",\"name\":\"O que \u00e9 vis\u00e3o hol\u00edstica da sa\u00fade? Como ela pode te ajudar?\",\"isPartOf\":{\"@id\":\"https:\/\/eigierdiagnosticos.com.br\/blog\/#website\"},\"primaryImageOfPage\":{\"@id\":\"https:\/\/eigierdiagnosticos.com.br\/blog\/visao-holistica-da-saude\/#primaryimage\"},\"datePublished\":\"2020-12-03T22:46:45+00:00\",\"dateModified\":\"2020-12-07T14:09:47+00:00\",\"author\":{\"@id\":\"https:\/\/eigierdiagnosticos.com.br\/blog\/#\/schema\/person\/2b78742800d3e7772b3854064779a048\"},\"description\":\"Como funciona a vis\u00e3o hol\u00edstica da sa\u00fade? Quais seus princ\u00edpios? Quais os tipos de terapias utilizadas? Como aplicar no dia a dia?\",\"breadcrumb\":{\"@id\":\"https:\/\/eigierdiagnosticos.com.br\/blog\/visao-holistica-da-saude\/#breadcrumb\"},\"inLanguage\":\"pt-BR\",\"potentialAction\":[{\"@type\":\"ReadAction\",\"target\":[\"https:\/\/eigierdiagnosticos.com.br\/blog\/visao-holistica-da-saude\/\"]}]},{\"@type\":\"BreadcrumbList\",\"@id\":\"https:\/\/eigierdiagnosticos.com.br\/blog\/visao-holistica-da-saude\/#breadcrumb\",\"itemListElement\":[{\"@type\":\"ListItem\",\"position\":1,\"name\":\"In\u00edcio\",\"item\":\"https:\/\/eigierdiagnosticos.com.br\/blog\/\"},{\"@type\":\"ListItem\",\"position\":2,\"name\":\"Vis\u00e3o hol\u00edstica da sa\u00fade: como viver com mais sa\u00fade e equil\u00edbrio?\"}]},{\"@type\":\"Person\",\"@id\":\"https:\/\/eigierdiagnosticos.com.br\/blog\/#\/schema\/person\/2b78742800d3e7772b3854064779a048\",\"name\":\"Papoca Reda\u00e7\u00e3o\",\"image\":{\"@type\":\"ImageObject\",\"@id\":\"https:\/\/eigierdiagnosticos.com.br\/blog\/#personlogo\",\"inLanguage\":\"pt-BR\",\"url\":\"https:\/\/secure.gravatar.com\/avatar\/c30e4cba91c534663abaa43329178ac5?s=96&d=mm&r=g\",\"contentUrl\":\"https:\/\/secure.gravatar.com\/avatar\/c30e4cba91c534663abaa43329178ac5?s=96&d=mm&r=g\",\"caption\":\"Papoca Reda\u00e7\u00e3o\"},\"url\":\"https:\/\/eigierdiagnosticos.com.br\/blog\/author\/redacao\/\"}]}<\/script>\n<!-- \/ Yoast SEO plugin. -->","yoast_head_json":{"title":"O que \u00e9 vis\u00e3o hol\u00edstica da sa\u00fade? Como ela pode te ajudar?","description":"Como funciona a vis\u00e3o hol\u00edstica da sa\u00fade? Quais seus princ\u00edpios? Quais os tipos de terapias utilizadas? Como aplicar no dia a dia?","robots":{"index":"index","follow":"follow","max-snippet":"max-snippet:-1","max-image-preview":"max-image-preview:large","max-video-preview":"max-video-preview:-1"},"canonical":"https:\/\/eigierdiagnosticos.com.br\/blog\/visao-holistica-da-saude\/","og_locale":"pt_BR","og_type":"article","og_title":"O que \u00e9 vis\u00e3o hol\u00edstica da sa\u00fade? Como ela pode te ajudar?","og_description":"Como funciona a vis\u00e3o hol\u00edstica da sa\u00fade? Quais seus princ\u00edpios? Quais os tipos de terapias utilizadas? Como aplicar no dia a dia?","og_url":"https:\/\/eigierdiagnosticos.com.br\/blog\/visao-holistica-da-saude\/","og_site_name":"Blog","article_published_time":"2020-12-03T22:46:45+00:00","article_modified_time":"2020-12-07T14:09:47+00:00","og_image":[{"width":900,"height":450,"url":"https:\/\/eigierdiagnosticos.com.br\/blog\/wp-content\/uploads\/2020\/11\/visao-holistica-da-saude.jpg","type":"image\/jpeg"}],"twitter_card":"summary_large_image","twitter_misc":{"Escrito por":"Papoca Reda\u00e7\u00e3o","Est. tempo de leitura":"8 minutos"},"schema":{"@context":"https:\/\/schema.org","@graph":[{"@type":"WebSite","@id":"https:\/\/eigierdiagnosticos.com.br\/blog\/#website","url":"https:\/\/eigierdiagnosticos.com.br\/blog\/","name":"Blog","description":"Eigier","potentialAction":[{"@type":"SearchAction","target":{"@type":"EntryPoint","urlTemplate":"https:\/\/eigierdiagnosticos.com.br\/blog\/?s={search_term_string}"},"query-input":"required name=search_term_string"}],"inLanguage":"pt-BR"},{"@type":"ImageObject","@id":"https:\/\/eigierdiagnosticos.com.br\/blog\/visao-holistica-da-saude\/#primaryimage","inLanguage":"pt-BR","url":"https:\/\/eigierdiagnosticos.com.br\/blog\/wp-content\/uploads\/2020\/11\/visao-holistica-da-saude.jpg","contentUrl":"https:\/\/eigierdiagnosticos.com.br\/blog\/wp-content\/uploads\/2020\/11\/visao-holistica-da-saude.jpg","width":900,"height":450,"caption":"\/visao-holistica-da-saude"},{"@type":"WebPage","@id":"https:\/\/eigierdiagnosticos.com.br\/blog\/visao-holistica-da-saude\/#webpage","url":"https:\/\/eigierdiagnosticos.com.br\/blog\/visao-holistica-da-saude\/","name":"O que \u00e9 vis\u00e3o hol\u00edstica da sa\u00fade? Como ela pode te ajudar?","isPartOf":{"@id":"https:\/\/eigierdiagnosticos.com.br\/blog\/#website"},"primaryImageOfPage":{"@id":"https:\/\/eigierdiagnosticos.com.br\/blog\/visao-holistica-da-saude\/#primaryimage"},"datePublished":"2020-12-03T22:46:45+00:00","dateModified":"2020-12-07T14:09:47+00:00","author":{"@id":"https:\/\/eigierdiagnosticos.com.br\/blog\/#\/schema\/person\/2b78742800d3e7772b3854064779a048"},"description":"Como funciona a vis\u00e3o hol\u00edstica da sa\u00fade? Quais seus princ\u00edpios? Quais os tipos de terapias utilizadas? Como aplicar no dia a dia?","breadcrumb":{"@id":"https:\/\/eigierdiagnosticos.com.br\/blog\/visao-holistica-da-saude\/#breadcrumb"},"inLanguage":"pt-BR","potentialAction":[{"@type":"ReadAction","target":["https:\/\/eigierdiagnosticos.com.br\/blog\/visao-holistica-da-saude\/"]}]},{"@type":"BreadcrumbList","@id":"https:\/\/eigierdiagnosticos.com.br\/blog\/visao-holistica-da-saude\/#breadcrumb","itemListElement":[{"@type":"ListItem","position":1,"name":"In\u00edcio","item":"https:\/\/eigierdiagnosticos.com.br\/blog\/"},{"@type":"ListItem","position":2,"name":"Vis\u00e3o hol\u00edstica da sa\u00fade: como viver com mais sa\u00fade e equil\u00edbrio?"}]},{"@type":"Person","@id":"https:\/\/eigierdiagnosticos.com.br\/blog\/#\/schema\/person\/2b78742800d3e7772b3854064779a048","name":"Papoca Reda\u00e7\u00e3o","image":{"@type":"ImageObject","@id":"https:\/\/eigierdiagnosticos.com.br\/blog\/#personlogo","inLanguage":"pt-BR","url":"https:\/\/secure.gravatar.com\/avatar\/c30e4cba91c534663abaa43329178ac5?s=96&d=mm&r=g","contentUrl":"https:\/\/secure.gravatar.com\/avatar\/c30e4cba91c534663abaa43329178ac5?s=96&d=mm&r=g","caption":"Papoca Reda\u00e7\u00e3o"},"url":"https:\/\/eigierdiagnosticos.com.br\/blog\/author\/redacao\/"}]}},"_links":{"self":[{"href":"https:\/\/eigierdiagnosticos.com.br\/blog\/wp-json\/wp\/v2\/posts\/2170"}],"collection":[{"href":"https:\/\/eigierdiagnosticos.com.br\/blog\/wp-json\/wp\/v2\/posts"}],"about":[{"href":"https:\/\/eigierdiagnosticos.com.br\/blog\/wp-json\/wp\/v2\/types\/post"}],"author":[{"embeddable":true,"href":"https:\/\/eigierdiagnosticos.com.br\/blog\/wp-json\/wp\/v2\/users\/5"}],"replies":[{"embeddable":true,"href":"https:\/\/eigierdiagnosticos.com.br\/blog\/wp-json\/wp\/v2\/comments?post=2170"}],"version-history":[{"count":8,"href":"https:\/\/eigierdiagnosticos.com.br\/blog\/wp-json\/wp\/v2\/posts\/2170\/revisions"}],"predecessor-version":[{"id":2218,"href":"https:\/\/eigierdiagnosticos.com.br\/blog\/wp-json\/wp\/v2\/posts\/2170\/revisions\/2218"}],"wp:featuredmedia":[{"embeddable":true,"href":"https:\/\/eigierdiagnosticos.com.br\/blog\/wp-json\/wp\/v2\/media\/2171"}],"wp:attachment":[{"href":"https:\/\/eigierdiagnosticos.com.br\/blog\/wp-json\/wp\/v2\/media?parent=2170"}],"wp:term":[{"taxonomy":"category","embeddable":true,"href":"https:\/\/eigierdiagnosticos.com.br\/blog\/wp-json\/wp\/v2\/categories?post=2170"},{"taxonomy":"post_tag","embeddable":true,"href":"https:\/\/eigierdiagnosticos.com.br\/blog\/wp-json\/wp\/v2\/tags?post=2170"}],"curies":[{"name":"wp","href":"https:\/\/api.w.org\/{rel}","templated":true}]}}