{"id":2351,"date":"2021-03-19T15:35:47","date_gmt":"2021-03-19T18:35:47","guid":{"rendered":"https:\/\/eigierdiagnosticos.com.br\/blog\/?p=2351"},"modified":"2021-03-19T15:35:47","modified_gmt":"2021-03-19T18:35:47","slug":"exame-de-audiometria","status":"publish","type":"post","link":"https:\/\/eigierdiagnosticos.com.br\/blog\/exame-de-audiometria\/","title":{"rendered":"Exame de audiometria: o que \u00e9, para que serve e como \u00e9 feito"},"content":{"rendered":"<p><i><span style=\"font-weight: 400;\">O <\/span><\/i><b><i>exame de audiometria<\/i><\/b><i><span style=\"font-weight: 400;\"> avalia a capacidade de ouvir e interpretar sons, para detectar poss\u00edveis altera\u00e7\u00f5es auditivas, quando h\u00e1 suspeita de perda de audi\u00e7\u00e3o, ou como triagem ocupacional.\u00a0<\/span><\/i><\/p>\n<p><span style=\"font-weight: 400;\">A surdez geralmente vem com a idade. De acordo com um <\/span><a href=\"https:\/\/www.aafp.org\/afp\/2013\/0101\/p41.html\" target=\"_blank\" rel=\"noopener\"><span style=\"font-weight: 400;\">estudo do American Family Physician<\/span><\/a><span style=\"font-weight: 400;\">, pelo menos 25% das pessoas com mais de 50 anos apresentam <\/span><a href=\"https:\/\/eigierdiagnosticos.com.br\/blog\/o-que-e-hipoacusia\/\"><span style=\"font-weight: 400;\">perda auditiva<\/span><\/a><span style=\"font-weight: 400;\"> e 50% das pessoas com mais de 80 anos.\u00a0<\/span><\/p>\n<p><span style=\"font-weight: 400;\">Por\u00e9m, ela pode afetar qualquer pessoa, <\/span><a href=\"https:\/\/www.clinicbarcelona.org\/en\/assistance\/diseases\/deafness\/definition\" target=\"_blank\" rel=\"noopener\"><span style=\"font-weight: 400;\">Estima-se que at\u00e9 15% da popula\u00e7\u00e3o adulta global tenha pelo menos algum grau de surdez.\u00a0<\/span><\/a><\/p>\n<p><span style=\"font-weight: 400;\">Fatores como exposi\u00e7\u00e3o a ru\u00eddos altos, les\u00f5es no ouvido etc., podem contribuir para a perda da audi\u00e7\u00e3o.\u00a0<\/span><\/p>\n<p><span style=\"font-weight: 400;\">Se acha que tamb\u00e9m pode estar perdendo sua capacidade auditiva, saiba que um dos principais testes para avaliar o qu\u00e3o bem voc\u00ea ouve \u00e9 o <\/span><b>exame de audiometria<\/b><span style=\"font-weight: 400;\">.<\/span><\/p>\n<p><span style=\"font-weight: 400;\">Neste artigo, vamos falar tudo sobre <\/span><b>o que \u00e9 audiometria<\/b><span style=\"font-weight: 400;\">, para que serve e como este importante teste \u00e9 realizado.<\/span><\/p>\n<p><span style=\"font-weight: 400;\">Vamos l\u00e1?<\/span><\/p>\n<h2><span style=\"font-weight: 400;\">O que \u00e9 audiometria?<\/span><\/h2>\n<p><span style=\"font-weight: 400;\">Um <\/span><b>exame de audiometria<\/b><span style=\"font-weight: 400;\"> avalia suas fun\u00e7\u00f5es auditivas. Ele testa a intensidade e o tom dos sons, problemas de equil\u00edbrio, e outros, relacionados \u00e0 fun\u00e7\u00e3o do ouvido interno.\u00a0<\/span><\/p>\n<p><span style=\"font-weight: 400;\">Esse <\/span><b>exame auditivo<\/b><span style=\"font-weight: 400;\"> pode ser feito como parte de uma triagem de rotina, caso da <\/span><b>audiometria ocupacional<\/b><span style=\"font-weight: 400;\"> (funcion\u00e1rios expostos a ru\u00eddos altos devem fazer regularmente), ou em resposta a uma perda percept\u00edvel de audi\u00e7\u00e3o, que pode ter como causas:<\/span><\/p>\n<ul>\n<li style=\"font-weight: 400;\" aria-level=\"1\"><span style=\"font-weight: 400;\">defeitos de nascen\u00e7a;<\/span><\/li>\n<li style=\"font-weight: 400;\" aria-level=\"1\"><span style=\"font-weight: 400;\">infec\u00e7\u00f5es cr\u00f4nicas de ouvido;<\/span><\/li>\n<li style=\"font-weight: 400;\" aria-level=\"1\"><span style=\"font-weight: 400;\">doen\u00e7as heredit\u00e1rias, como otosclerose;<\/span><\/li>\n<li style=\"font-weight: 400;\" aria-level=\"1\"><span style=\"font-weight: 400;\">uma les\u00e3o na orelha;<\/span><\/li>\n<li style=\"font-weight: 400;\" aria-level=\"1\"><span style=\"font-weight: 400;\">doen\u00e7as do ouvido interno, como doen\u00e7a de M\u00e9ni\u00e8re ou uma doen\u00e7a autoimune que afeta o ouvido interno;<\/span><\/li>\n<li style=\"font-weight: 400;\" aria-level=\"1\"><span style=\"font-weight: 400;\">um t\u00edmpano rompido.<\/span><\/li>\n<\/ul>\n<h2><span style=\"font-weight: 400;\">Como \u00e9 feito o exame de audiometria?<\/span><\/h2>\n<p><span style=\"font-weight: 400;\">O teste \u00e9 administrado por um <\/span><i><span style=\"font-weight: 400;\">audiologista<\/span><\/i><span style=\"font-weight: 400;\">, geralmente um fonoaudi\u00f3logo especializado em diagnosticar e tratar a perda auditiva.<\/span><\/p>\n<p><span style=\"font-weight: 400;\">O <\/span><b>exame de audiometria <\/b><span style=\"font-weight: 400;\">tem como finalidade<\/span> <span style=\"font-weight: 400;\">testar os tons e a intensidade com a qual o paciente \u00e9 capaz de ouv\u00ed-los.<\/span><\/p>\n<p><span style=\"font-weight: 400;\">\u00a0A unidade de medida da intensidade do som \u00e9 o decibel (dB). Um ouvido humano saud\u00e1vel pode ouvir sons baixos, como sussurros. S\u00e3o cerca de 20 dB. Um som alto, como um motor a jato, est\u00e1 entre 140 e 180 dB.<\/span><\/p>\n<p><span style=\"font-weight: 400;\">O tom de um som \u00e9 medido em ciclos por segundo. A unidade de medida do tom \u00e9 Hertz (Hz). Os tons graves baixos medem cerca de 50 Hz. Os humanos podem ouvir tons entre 20-20.000 Hz. A fala humana geralmente fica na faixa de 500-3.000 Hz.<\/span><\/p>\n<h3><b>Tipos de exames de audiometria e como s\u00e3o feitos<\/b><\/h3>\n<p><span style=\"font-weight: 400;\">Para verificar essa capacidade auditiva, v\u00e3o ser realizados diferentes testes de <\/span><b>audiometria tonal e vocal<\/b><span style=\"font-weight: 400;\">:<\/span><\/p>\n<p><span style=\"font-weight: 400;\">Um <em>teste de tom puro mede o som mais baixo que voc\u00ea pode ouvir em diferentes tons<\/em>. Envolve o uso de um <\/span><b>aparelho de audiometria<\/b><span style=\"font-weight: 400;\">, o <\/span><i><span style=\"font-weight: 400;\">audi\u00f4metro<\/span><\/i><span style=\"font-weight: 400;\">, que \u00e9 uma m\u00e1quina que reproduz sons por meio de fones de ouvido.\u00a0<\/span><\/p>\n<p><span style=\"font-weight: 400;\">Seu fonoaudi\u00f3logo ou um assistente tocar\u00e1 uma variedade de sons, como tons e fala, em intervalos diferentes em um ouvido por vez, para determinar sua amplitude de audi\u00e7\u00e3o.\u00a0<\/span><\/p>\n<p><span style=\"font-weight: 400;\">O audiologista fornecer\u00e1 instru\u00e7\u00f5es para cada som. Provavelmente, eles pedir\u00e3o que voc\u00ea levante a m\u00e3o quando um som se tornar aud\u00edvel.<\/span><\/p>\n<p><span style=\"font-weight: 400;\">Outro teste de audi\u00e7\u00e3o permite que seu fonoaudi\u00f3logo avalie sua <em>capacidade de distinguir a fala do ru\u00eddo de fundo<\/em>.\u00a0<\/span><\/p>\n<p><span style=\"font-weight: 400;\">Uma amostra de som ser\u00e1 reproduzida para voc\u00ea e ser\u00e1 solicitado que voc\u00ea repita as palavras que ouvir. O reconhecimento de palavras pode ser \u00fatil no diagn\u00f3stico de perda auditiva.<\/span><\/p>\n<p><span style=\"font-weight: 400;\">Um diapas\u00e3o pode ser usado para determinar o qu\u00e3o bem voc\u00ea ouve as vibra\u00e7\u00f5es pelos ouvidos.\u00a0<\/span><\/p>\n<p><span style=\"font-weight: 400;\">Seu fonoaudi\u00f3logo colocar\u00e1 este dispositivo de metal contra o osso atr\u00e1s de sua orelha, a mastoide, ou usar\u00e1 um oscilador \u00f3sseo para determinar como as vibra\u00e7\u00f5es passam pelo osso at\u00e9 o ouvido interno.\u00a0<\/span><\/p>\n<p><span style=\"font-weight: 400;\">Um oscilador \u00f3sseo \u00e9 um dispositivo mec\u00e2nico que transmite vibra\u00e7\u00f5es semelhantes a um diapas\u00e3o.<\/span><\/p>\n<p><span style=\"font-weight: 400;\">O <\/span><b>exame de audiometria<\/b><span style=\"font-weight: 400;\"> n\u00e3o causa dor ou desconforto e leva cerca de uma hora.<\/span><\/p>\n<p><span style=\"font-weight: 400;\">Veja mais detalhes sobre como \u00e9 feito o exame de audiometria no v\u00eddeo abaixo:<\/span><\/p>\n<p><iframe src=\"https:\/\/www.youtube.com\/embed\/VeDeA3W_2Jw\" width=\"560\" height=\"315\" frameborder=\"0\" allowfullscreen=\"allowfullscreen\"><\/iframe><\/p>\n<h2><span style=\"font-weight: 400;\">Import\u00e2ncia do exame de audiometria<\/span><\/h2>\n<p><span style=\"font-weight: 400;\">A surdez n\u00e3o corrigida pode diminuir a capacidade do c\u00e9rebro de reconhecer e compreender a fala.\u00a0<\/span><\/p>\n<p><span style=\"font-weight: 400;\">Em crian\u00e7as, a perda auditiva pode afetar o aprendizado e o desenvolvimento da linguagem. Portanto, \u00e9 essencial detect\u00e1-la e trat\u00e1-la precocemente.<\/span><\/p>\n<p><span style=\"font-weight: 400;\">Al\u00e9m disso, a surdez tamb\u00e9m afeta a capacidade de conviv\u00eancia com outras pessoas e a autonomia, podendo levar a:<\/span><\/p>\n<ul>\n<li style=\"font-weight: 400;\" aria-level=\"1\"><span style=\"font-weight: 400;\">Isolamento social (afastamento de certas situa\u00e7\u00f5es ou atividades porque a pessoa tem muitos problemas para ouvir ou se comunicar);<\/span><\/li>\n<li style=\"font-weight: 400;\" aria-level=\"1\"><span style=\"font-weight: 400;\">Perda de independ\u00eancia (por exemplo, incapacidade de ter uma conversa ao telefone);<\/span><\/li>\n<li style=\"font-weight: 400;\" aria-level=\"1\"><span style=\"font-weight: 400;\">Riscos de seguran\u00e7a (incapacidade de ouvir alarmes ou sirenes);<\/span><\/li>\n<li style=\"font-weight: 400;\" aria-level=\"1\"><span style=\"font-weight: 400;\">Qualidade de vida reduzida.<\/span><\/li>\n<\/ul>\n<p><span style=\"font-weight: 400;\">Por isso, \u00e9 importante saber reconhecer os sinais, procurar ajuda m\u00e9dica e realizar seu <\/span><b>exame de audiometria<\/b><span style=\"font-weight: 400;\"> o quanto antes, para otimizar suas chances de tratamento.<\/span><\/p>\n<p><span style=\"font-weight: 400;\">Lembre-se de que a preven\u00e7\u00e3o \u00e9 sempre a melhor maneira de cuidar de sua sa\u00fade!<\/span><\/p>\n<p><span style=\"font-weight: 400;\">Acesse o site da <\/span><a href=\"http:\/\/eigierdiagnosticos.com.br\/\" target=\"_blank\" rel=\"noopener\"><span style=\"font-weight: 400;\">Eigier<\/span><\/a><span style=\"font-weight: 400;\"> e agende seus exames, com conforto e seguran\u00e7a.<\/span><\/p>\n<p><span style=\"font-weight: 400;\">A\u00a0 Eigier Diagn\u00f3sticos est\u00e1 h\u00e1 mais de 37 anos no mercado e \u00e9 respons\u00e1vel pelo controle de empresas especializadas que atuam em <\/span><a href=\"https:\/\/eigierdiagnosticos.com.br\/blog\/exames\/o-que-e-diagnostico-imagem\/\"><span style=\"font-weight: 400;\">medicina diagn\u00f3stica por imagem<\/span><\/a><span style=\"font-weight: 400;\">.<\/span><\/p>\n<p><span style=\"font-weight: 400;\">Confira alguns dos exames dispon\u00edveis em nossas unidades:<\/span><\/p>\n<ul>\n<li style=\"font-weight: 400;\" aria-level=\"1\"><a href=\"https:\/\/eigierdiagnosticos.com.br\/blog\/exames\/medicina-fetal-exames\/\"><span style=\"font-weight: 400;\">Medicina Fetal<\/span><\/a><\/li>\n<li style=\"font-weight: 400;\" aria-level=\"1\"><a href=\"https:\/\/eigierdiagnosticos.com.br\/blog\/exames\/contra-indicacao-ressonancia-magnetica\/\"><span style=\"font-weight: 400;\">Resson\u00e2ncia Magn\u00e9tica<\/span><\/a><\/li>\n<li style=\"font-weight: 400;\" aria-level=\"1\"><a href=\"https:\/\/eigierdiagnosticos.com.br\/blog\/exames\/o-que-e-doppler\/\"><span style=\"font-weight: 400;\">Doppler<\/span><\/a><\/li>\n<li style=\"font-weight: 400;\" aria-level=\"1\"><a href=\"https:\/\/eigierdiagnosticos.com.br\/blog\/exames\/o-que-e-mamografia-digital\/\"><span style=\"font-weight: 400;\">Mamografia Digital<\/span><\/a><\/li>\n<li style=\"font-weight: 400;\" aria-level=\"1\"><a href=\"https:\/\/eigierdiagnosticos.com.br\/blog\/exames\/tudo-sobre-densitometria-ossea\/\"><span style=\"font-weight: 400;\">Densitometria \u00d3ssea<\/span><\/a><\/li>\n<li style=\"font-weight: 400;\" aria-level=\"1\"><a href=\"https:\/\/eigierdiagnosticos.com.br\/blog\/exames\/raio-x-como-funciona\/\"><span style=\"font-weight: 400;\">Raio X Digital<\/span><\/a><\/li>\n<li style=\"font-weight: 400;\" aria-level=\"1\"><a href=\"https:\/\/eigierdiagnosticos.com.br\/blog\/exames\/como-feito-exame-ultrassonografia\/\"><span style=\"font-weight: 400;\">Ultrassonografia<\/span><\/a><span style=\"font-weight: 400;\">, entre outros.<\/span><\/li>\n<\/ul>\n<!-- AddThis Advanced Settings generic via filter on the_content --><!-- AddThis Share Buttons generic via filter on the_content -->","protected":false},"excerpt":{"rendered":"<p>O exame de audiometria avalia a capacidade de ouvir e interpretar sons, para detectar poss\u00edveis altera\u00e7\u00f5es auditivas, quando h\u00e1 suspeita de perda de audi\u00e7\u00e3o, ou como triagem ocupacional.\u00a0 A surdez geralmente vem com a idade. De acordo com um estudo do American Family Physician, pelo menos 25% das pessoas com mais de 50 anos apresentam [&hellip;]<!-- AddThis Advanced Settings generic via filter on get_the_excerpt --><!-- AddThis Share Buttons generic via filter on get_the_excerpt --><\/p>\n","protected":false},"author":5,"featured_media":2352,"comment_status":"open","ping_status":"open","sticky":false,"template":"","format":"standard","meta":[],"categories":[7],"tags":[],"yoast_head":"<!-- This site is optimized with the Yoast SEO plugin v18.4.1 - https:\/\/yoast.com\/wordpress\/plugins\/seo\/ -->\n<title>Exame de audiometria: o que \u00e9, para que serve e como \u00e9 feito<\/title>\n<meta name=\"description\" content=\"Saiba o que \u00e9 audiometria, para que serve, quando ela \u00e9 necess\u00e1ria e entenda como \u00e9 feito o exame de audiometria e qual a sua import\u00e2ncia.\" \/>\n<meta name=\"robots\" content=\"index, follow, max-snippet:-1, max-image-preview:large, max-video-preview:-1\" \/>\n<link rel=\"canonical\" href=\"https:\/\/eigierdiagnosticos.com.br\/blog\/exame-de-audiometria\/\" \/>\n<meta property=\"og:locale\" content=\"pt_BR\" \/>\n<meta property=\"og:type\" content=\"article\" \/>\n<meta property=\"og:title\" content=\"Exame de audiometria: o que \u00e9, para que serve e como \u00e9 feito\" \/>\n<meta property=\"og:description\" content=\"Saiba o que \u00e9 audiometria, para que serve, quando ela \u00e9 necess\u00e1ria e entenda como \u00e9 feito o exame de audiometria e qual a sua import\u00e2ncia.\" \/>\n<meta property=\"og:url\" content=\"https:\/\/eigierdiagnosticos.com.br\/blog\/exame-de-audiometria\/\" \/>\n<meta property=\"og:site_name\" content=\"Blog\" \/>\n<meta property=\"article:published_time\" content=\"2021-03-19T18:35:47+00:00\" \/>\n<meta property=\"og:image\" content=\"https:\/\/eigierdiagnosticos.com.br\/blog\/wp-content\/uploads\/2021\/03\/exame-de-audiometria.jpg\" \/>\n\t<meta property=\"og:image:width\" content=\"900\" \/>\n\t<meta property=\"og:image:height\" content=\"450\" \/>\n\t<meta property=\"og:image:type\" content=\"image\/jpeg\" \/>\n<meta name=\"twitter:card\" content=\"summary_large_image\" \/>\n<meta name=\"twitter:label1\" content=\"Escrito por\" \/>\n\t<meta name=\"twitter:data1\" content=\"Papoca Reda\u00e7\u00e3o\" \/>\n\t<meta name=\"twitter:label2\" content=\"Est. tempo de leitura\" \/>\n\t<meta name=\"twitter:data2\" content=\"4 minutos\" \/>\n<script type=\"application\/ld+json\" class=\"yoast-schema-graph\">{\"@context\":\"https:\/\/schema.org\",\"@graph\":[{\"@type\":\"WebSite\",\"@id\":\"https:\/\/eigierdiagnosticos.com.br\/blog\/#website\",\"url\":\"https:\/\/eigierdiagnosticos.com.br\/blog\/\",\"name\":\"Blog\",\"description\":\"Eigier\",\"potentialAction\":[{\"@type\":\"SearchAction\",\"target\":{\"@type\":\"EntryPoint\",\"urlTemplate\":\"https:\/\/eigierdiagnosticos.com.br\/blog\/?s={search_term_string}\"},\"query-input\":\"required name=search_term_string\"}],\"inLanguage\":\"pt-BR\"},{\"@type\":\"ImageObject\",\"@id\":\"https:\/\/eigierdiagnosticos.com.br\/blog\/exame-de-audiometria\/#primaryimage\",\"inLanguage\":\"pt-BR\",\"url\":\"https:\/\/eigierdiagnosticos.com.br\/blog\/wp-content\/uploads\/2021\/03\/exame-de-audiometria.jpg\",\"contentUrl\":\"https:\/\/eigierdiagnosticos.com.br\/blog\/wp-content\/uploads\/2021\/03\/exame-de-audiometria.jpg\",\"width\":900,\"height\":450,\"caption\":\"exame de audiometria\"},{\"@type\":\"WebPage\",\"@id\":\"https:\/\/eigierdiagnosticos.com.br\/blog\/exame-de-audiometria\/#webpage\",\"url\":\"https:\/\/eigierdiagnosticos.com.br\/blog\/exame-de-audiometria\/\",\"name\":\"Exame de audiometria: o que \u00e9, para que serve e como \u00e9 feito\",\"isPartOf\":{\"@id\":\"https:\/\/eigierdiagnosticos.com.br\/blog\/#website\"},\"primaryImageOfPage\":{\"@id\":\"https:\/\/eigierdiagnosticos.com.br\/blog\/exame-de-audiometria\/#primaryimage\"},\"datePublished\":\"2021-03-19T18:35:47+00:00\",\"dateModified\":\"2021-03-19T18:35:47+00:00\",\"author\":{\"@id\":\"https:\/\/eigierdiagnosticos.com.br\/blog\/#\/schema\/person\/2b78742800d3e7772b3854064779a048\"},\"description\":\"Saiba o que \u00e9 audiometria, para que serve, quando ela \u00e9 necess\u00e1ria e entenda como \u00e9 feito o exame de audiometria e qual a sua import\u00e2ncia.\",\"breadcrumb\":{\"@id\":\"https:\/\/eigierdiagnosticos.com.br\/blog\/exame-de-audiometria\/#breadcrumb\"},\"inLanguage\":\"pt-BR\",\"potentialAction\":[{\"@type\":\"ReadAction\",\"target\":[\"https:\/\/eigierdiagnosticos.com.br\/blog\/exame-de-audiometria\/\"]}]},{\"@type\":\"BreadcrumbList\",\"@id\":\"https:\/\/eigierdiagnosticos.com.br\/blog\/exame-de-audiometria\/#breadcrumb\",\"itemListElement\":[{\"@type\":\"ListItem\",\"position\":1,\"name\":\"In\u00edcio\",\"item\":\"https:\/\/eigierdiagnosticos.com.br\/blog\/\"},{\"@type\":\"ListItem\",\"position\":2,\"name\":\"Exame de audiometria: o que \u00e9, para que serve e como \u00e9 feito\"}]},{\"@type\":\"Person\",\"@id\":\"https:\/\/eigierdiagnosticos.com.br\/blog\/#\/schema\/person\/2b78742800d3e7772b3854064779a048\",\"name\":\"Papoca Reda\u00e7\u00e3o\",\"image\":{\"@type\":\"ImageObject\",\"@id\":\"https:\/\/eigierdiagnosticos.com.br\/blog\/#personlogo\",\"inLanguage\":\"pt-BR\",\"url\":\"https:\/\/secure.gravatar.com\/avatar\/c30e4cba91c534663abaa43329178ac5?s=96&d=mm&r=g\",\"contentUrl\":\"https:\/\/secure.gravatar.com\/avatar\/c30e4cba91c534663abaa43329178ac5?s=96&d=mm&r=g\",\"caption\":\"Papoca Reda\u00e7\u00e3o\"},\"url\":\"https:\/\/eigierdiagnosticos.com.br\/blog\/author\/redacao\/\"}]}<\/script>\n<!-- \/ Yoast SEO plugin. -->","yoast_head_json":{"title":"Exame de audiometria: o que \u00e9, para que serve e como \u00e9 feito","description":"Saiba o que \u00e9 audiometria, para que serve, quando ela \u00e9 necess\u00e1ria e entenda como \u00e9 feito o exame de audiometria e qual a sua import\u00e2ncia.","robots":{"index":"index","follow":"follow","max-snippet":"max-snippet:-1","max-image-preview":"max-image-preview:large","max-video-preview":"max-video-preview:-1"},"canonical":"https:\/\/eigierdiagnosticos.com.br\/blog\/exame-de-audiometria\/","og_locale":"pt_BR","og_type":"article","og_title":"Exame de audiometria: o que \u00e9, para que serve e como \u00e9 feito","og_description":"Saiba o que \u00e9 audiometria, para que serve, quando ela \u00e9 necess\u00e1ria e entenda como \u00e9 feito o exame de audiometria e qual a sua import\u00e2ncia.","og_url":"https:\/\/eigierdiagnosticos.com.br\/blog\/exame-de-audiometria\/","og_site_name":"Blog","article_published_time":"2021-03-19T18:35:47+00:00","og_image":[{"width":900,"height":450,"url":"https:\/\/eigierdiagnosticos.com.br\/blog\/wp-content\/uploads\/2021\/03\/exame-de-audiometria.jpg","type":"image\/jpeg"}],"twitter_card":"summary_large_image","twitter_misc":{"Escrito por":"Papoca Reda\u00e7\u00e3o","Est. tempo de leitura":"4 minutos"},"schema":{"@context":"https:\/\/schema.org","@graph":[{"@type":"WebSite","@id":"https:\/\/eigierdiagnosticos.com.br\/blog\/#website","url":"https:\/\/eigierdiagnosticos.com.br\/blog\/","name":"Blog","description":"Eigier","potentialAction":[{"@type":"SearchAction","target":{"@type":"EntryPoint","urlTemplate":"https:\/\/eigierdiagnosticos.com.br\/blog\/?s={search_term_string}"},"query-input":"required name=search_term_string"}],"inLanguage":"pt-BR"},{"@type":"ImageObject","@id":"https:\/\/eigierdiagnosticos.com.br\/blog\/exame-de-audiometria\/#primaryimage","inLanguage":"pt-BR","url":"https:\/\/eigierdiagnosticos.com.br\/blog\/wp-content\/uploads\/2021\/03\/exame-de-audiometria.jpg","contentUrl":"https:\/\/eigierdiagnosticos.com.br\/blog\/wp-content\/uploads\/2021\/03\/exame-de-audiometria.jpg","width":900,"height":450,"caption":"exame de audiometria"},{"@type":"WebPage","@id":"https:\/\/eigierdiagnosticos.com.br\/blog\/exame-de-audiometria\/#webpage","url":"https:\/\/eigierdiagnosticos.com.br\/blog\/exame-de-audiometria\/","name":"Exame de audiometria: o que \u00e9, para que serve e como \u00e9 feito","isPartOf":{"@id":"https:\/\/eigierdiagnosticos.com.br\/blog\/#website"},"primaryImageOfPage":{"@id":"https:\/\/eigierdiagnosticos.com.br\/blog\/exame-de-audiometria\/#primaryimage"},"datePublished":"2021-03-19T18:35:47+00:00","dateModified":"2021-03-19T18:35:47+00:00","author":{"@id":"https:\/\/eigierdiagnosticos.com.br\/blog\/#\/schema\/person\/2b78742800d3e7772b3854064779a048"},"description":"Saiba o que \u00e9 audiometria, para que serve, quando ela \u00e9 necess\u00e1ria e entenda como \u00e9 feito o exame de audiometria e qual a sua import\u00e2ncia.","breadcrumb":{"@id":"https:\/\/eigierdiagnosticos.com.br\/blog\/exame-de-audiometria\/#breadcrumb"},"inLanguage":"pt-BR","potentialAction":[{"@type":"ReadAction","target":["https:\/\/eigierdiagnosticos.com.br\/blog\/exame-de-audiometria\/"]}]},{"@type":"BreadcrumbList","@id":"https:\/\/eigierdiagnosticos.com.br\/blog\/exame-de-audiometria\/#breadcrumb","itemListElement":[{"@type":"ListItem","position":1,"name":"In\u00edcio","item":"https:\/\/eigierdiagnosticos.com.br\/blog\/"},{"@type":"ListItem","position":2,"name":"Exame de audiometria: o que \u00e9, para que serve e como \u00e9 feito"}]},{"@type":"Person","@id":"https:\/\/eigierdiagnosticos.com.br\/blog\/#\/schema\/person\/2b78742800d3e7772b3854064779a048","name":"Papoca Reda\u00e7\u00e3o","image":{"@type":"ImageObject","@id":"https:\/\/eigierdiagnosticos.com.br\/blog\/#personlogo","inLanguage":"pt-BR","url":"https:\/\/secure.gravatar.com\/avatar\/c30e4cba91c534663abaa43329178ac5?s=96&d=mm&r=g","contentUrl":"https:\/\/secure.gravatar.com\/avatar\/c30e4cba91c534663abaa43329178ac5?s=96&d=mm&r=g","caption":"Papoca Reda\u00e7\u00e3o"},"url":"https:\/\/eigierdiagnosticos.com.br\/blog\/author\/redacao\/"}]}},"_links":{"self":[{"href":"https:\/\/eigierdiagnosticos.com.br\/blog\/wp-json\/wp\/v2\/posts\/2351"}],"collection":[{"href":"https:\/\/eigierdiagnosticos.com.br\/blog\/wp-json\/wp\/v2\/posts"}],"about":[{"href":"https:\/\/eigierdiagnosticos.com.br\/blog\/wp-json\/wp\/v2\/types\/post"}],"author":[{"embeddable":true,"href":"https:\/\/eigierdiagnosticos.com.br\/blog\/wp-json\/wp\/v2\/users\/5"}],"replies":[{"embeddable":true,"href":"https:\/\/eigierdiagnosticos.com.br\/blog\/wp-json\/wp\/v2\/comments?post=2351"}],"version-history":[{"count":1,"href":"https:\/\/eigierdiagnosticos.com.br\/blog\/wp-json\/wp\/v2\/posts\/2351\/revisions"}],"predecessor-version":[{"id":2353,"href":"https:\/\/eigierdiagnosticos.com.br\/blog\/wp-json\/wp\/v2\/posts\/2351\/revisions\/2353"}],"wp:featuredmedia":[{"embeddable":true,"href":"https:\/\/eigierdiagnosticos.com.br\/blog\/wp-json\/wp\/v2\/media\/2352"}],"wp:attachment":[{"href":"https:\/\/eigierdiagnosticos.com.br\/blog\/wp-json\/wp\/v2\/media?parent=2351"}],"wp:term":[{"taxonomy":"category","embeddable":true,"href":"https:\/\/eigierdiagnosticos.com.br\/blog\/wp-json\/wp\/v2\/categories?post=2351"},{"taxonomy":"post_tag","embeddable":true,"href":"https:\/\/eigierdiagnosticos.com.br\/blog\/wp-json\/wp\/v2\/tags?post=2351"}],"curies":[{"name":"wp","href":"https:\/\/api.w.org\/{rel}","templated":true}]}}